{"id":137803,"date":"2025-11-24T09:52:00","date_gmt":"2025-11-24T09:52:00","guid":{"rendered":"https:\/\/www.wirtschaftsjunioren-dillingen.de\/wordpress\/?p=137803"},"modified":"2026-03-30T17:08:32","modified_gmt":"2026-03-30T17:08:32","slug":"betriebsbesichtigung-fa-reitzner","status":"publish","type":"post","link":"https:\/\/www.wirtschaftsjunioren-dillingen.de\/wordpress\/index.php\/2025\/11\/24\/betriebsbesichtigung-fa-reitzner\/","title":{"rendered":"Betriebsbesichtigung Fa. Reitzner"},"content":{"rendered":"<div class=\"v-hero hero has-max-width mb-xxl\"><div class=\"hero-swiper test swiper-container\"><div class=\"swiper-wrapper\"><div class=\"swiper-slide\" style=\"\n                                height:600px !important;\n                                background-image:url(https:\/\/www.wirtschaftsjunioren-dillingen.de\/wordpress\/wp-content\/uploads\/2026\/03\/Reitzner.jpeg);\n                                background-position:center center;\n                                background-repeat: no-repeat;\n                                background-size:cover\n                                \"><\/div><\/div><\/div><div class=\"hero__box  is-highlighted\"><h1 class=\"hero__headline\">Betriebsbesichtigung Fa. Reitzner am 24.11.<\/h1><h3 class=\"hero__subheadline\"><\/h3><\/div><\/div>\n\n<div class=\"headline-section\"><div class=\"headline-section__content container text-center\"><h2 class=\"headline-section__headline is-highlighted\"><\/h2><\/div><\/div><div class=\"section\" data-card-image-height=\"-1\" data-card-image-orientation=\"image-middle-center\"><div class=\"section__content container\">\n<div class=\"wp-block-wjd-group\"><\/div>\n<\/div><\/div>\n\n\n<p><em>Die Gesch\u00e4ftsf\u00fchrer gaben einen Einblick in das f\u00fchrende IT-Service Haus in der Region.<\/em><\/p>\n\n\n\n<p><\/p>\n","protected":false},"excerpt":{"rendered":"<p>Die Gesch\u00e4ftsf\u00fchrer gaben einen Einblick in das f\u00fchrende IT-Service Haus in der Region.<\/p>\n","protected":false},"author":1,"featured_media":137804,"comment_status":"open","ping_status":"open","sticky":false,"template":"","format":"standard","meta":{"footnotes":""},"categories":[541],"tags":[],"class_list":["post-137803","post","type-post","status-publish","format-standard","has-post-thumbnail","hentry","category-vorstand-2025"],"yoast_head":"<!-- This site is optimized with the Yoast SEO plugin v26.0 - https:\/\/yoast.com\/wordpress\/plugins\/seo\/ -->\n<title>Betriebsbesichtigung Fa. Reitzner - Wirtschaftsjunioren Dillingen<\/title>\n<meta name=\"robots\" content=\"index, follow, max-snippet:-1, max-image-preview:large, max-video-preview:-1\" \/>\n<link rel=\"canonical\" href=\"https:\/\/www.wirtschaftsjunioren-dillingen.de\/wordpress\/index.php\/2025\/11\/24\/betriebsbesichtigung-fa-reitzner\/\" \/>\n<meta property=\"og:locale\" content=\"de_DE\" \/>\n<meta property=\"og:type\" content=\"article\" \/>\n<meta property=\"og:title\" content=\"Betriebsbesichtigung Fa. Reitzner - Wirtschaftsjunioren Dillingen\" \/>\n<meta property=\"og:description\" content=\"Die Gesch\u00e4ftsf\u00fchrer gaben einen Einblick in das f\u00fchrende IT-Service Haus in der Region.\" \/>\n<meta property=\"og:url\" content=\"https:\/\/www.wirtschaftsjunioren-dillingen.de\/wordpress\/index.php\/2025\/11\/24\/betriebsbesichtigung-fa-reitzner\/\" \/>\n<meta property=\"og:site_name\" content=\"Wirtschaftsjunioren Dillingen\" \/>\n<meta property=\"article:publisher\" content=\"https:\/\/www.facebook.com\/wj.dlg\/\" \/>\n<meta property=\"article:published_time\" content=\"2025-11-24T09:52:00+00:00\" \/>\n<meta property=\"article:modified_time\" content=\"2026-03-30T17:08:32+00:00\" \/>\n<meta property=\"og:image\" content=\"https:\/\/www.wirtschaftsjunioren-dillingen.de\/wordpress\/wp-content\/uploads\/2026\/03\/Reitzner.jpeg\" \/>\n\t<meta property=\"og:image:width\" content=\"1600\" \/>\n\t<meta property=\"og:image:height\" content=\"1200\" \/>\n\t<meta property=\"og:image:type\" content=\"image\/jpeg\" \/>\n<meta name=\"author\" content=\"admin\" \/>\n<meta name=\"twitter:card\" content=\"summary_large_image\" \/>\n<meta name=\"twitter:label1\" content=\"Verfasst von\" \/>\n\t<meta name=\"twitter:data1\" content=\"admin\" \/>\n\t<meta name=\"twitter:label2\" content=\"Gesch\u00e4tzte Lesezeit\" \/>\n\t<meta name=\"twitter:data2\" content=\"1\u00a0Minute\" \/>\n<script type=\"application\/ld+json\" class=\"yoast-schema-graph\">{\"@context\":\"https:\/\/schema.org\",\"@graph\":[{\"@type\":\"Article\",\"@id\":\"https:\/\/www.wirtschaftsjunioren-dillingen.de\/wordpress\/index.php\/2025\/11\/24\/betriebsbesichtigung-fa-reitzner\/#article\",\"isPartOf\":{\"@id\":\"https:\/\/www.wirtschaftsjunioren-dillingen.de\/wordpress\/index.php\/2025\/11\/24\/betriebsbesichtigung-fa-reitzner\/\"},\"author\":{\"name\":\"admin\",\"@id\":\"https:\/\/www.wirtschaftsjunioren-dillingen.de\/wordpress\/#\/schema\/person\/bcd582302e5ea6af6e76fa7de8977231\"},\"headline\":\"Betriebsbesichtigung Fa. Reitzner\",\"datePublished\":\"2025-11-24T09:52:00+00:00\",\"dateModified\":\"2026-03-30T17:08:32+00:00\",\"mainEntityOfPage\":{\"@id\":\"https:\/\/www.wirtschaftsjunioren-dillingen.de\/wordpress\/index.php\/2025\/11\/24\/betriebsbesichtigung-fa-reitzner\/\"},\"wordCount\":19,\"commentCount\":0,\"publisher\":{\"@id\":\"https:\/\/www.wirtschaftsjunioren-dillingen.de\/wordpress\/#organization\"},\"image\":{\"@id\":\"https:\/\/www.wirtschaftsjunioren-dillingen.de\/wordpress\/index.php\/2025\/11\/24\/betriebsbesichtigung-fa-reitzner\/#primaryimage\"},\"thumbnailUrl\":\"https:\/\/www.wirtschaftsjunioren-dillingen.de\/wordpress\/wp-content\/uploads\/2026\/03\/Reitzner.jpeg\",\"articleSection\":[\"Vorstand 2025\"],\"inLanguage\":\"de\",\"potentialAction\":[{\"@type\":\"CommentAction\",\"name\":\"Comment\",\"target\":[\"https:\/\/www.wirtschaftsjunioren-dillingen.de\/wordpress\/index.php\/2025\/11\/24\/betriebsbesichtigung-fa-reitzner\/#respond\"]}]},{\"@type\":\"WebPage\",\"@id\":\"https:\/\/www.wirtschaftsjunioren-dillingen.de\/wordpress\/index.php\/2025\/11\/24\/betriebsbesichtigung-fa-reitzner\/\",\"url\":\"https:\/\/www.wirtschaftsjunioren-dillingen.de\/wordpress\/index.php\/2025\/11\/24\/betriebsbesichtigung-fa-reitzner\/\",\"name\":\"Betriebsbesichtigung Fa. Reitzner - Wirtschaftsjunioren Dillingen\",\"isPartOf\":{\"@id\":\"https:\/\/www.wirtschaftsjunioren-dillingen.de\/wordpress\/#website\"},\"primaryImageOfPage\":{\"@id\":\"https:\/\/www.wirtschaftsjunioren-dillingen.de\/wordpress\/index.php\/2025\/11\/24\/betriebsbesichtigung-fa-reitzner\/#primaryimage\"},\"image\":{\"@id\":\"https:\/\/www.wirtschaftsjunioren-dillingen.de\/wordpress\/index.php\/2025\/11\/24\/betriebsbesichtigung-fa-reitzner\/#primaryimage\"},\"thumbnailUrl\":\"https:\/\/www.wirtschaftsjunioren-dillingen.de\/wordpress\/wp-content\/uploads\/2026\/03\/Reitzner.jpeg\",\"datePublished\":\"2025-11-24T09:52:00+00:00\",\"dateModified\":\"2026-03-30T17:08:32+00:00\",\"breadcrumb\":{\"@id\":\"https:\/\/www.wirtschaftsjunioren-dillingen.de\/wordpress\/index.php\/2025\/11\/24\/betriebsbesichtigung-fa-reitzner\/#breadcrumb\"},\"inLanguage\":\"de\",\"potentialAction\":[{\"@type\":\"ReadAction\",\"target\":[\"https:\/\/www.wirtschaftsjunioren-dillingen.de\/wordpress\/index.php\/2025\/11\/24\/betriebsbesichtigung-fa-reitzner\/\"]}]},{\"@type\":\"ImageObject\",\"inLanguage\":\"de\",\"@id\":\"https:\/\/www.wirtschaftsjunioren-dillingen.de\/wordpress\/index.php\/2025\/11\/24\/betriebsbesichtigung-fa-reitzner\/#primaryimage\",\"url\":\"https:\/\/www.wirtschaftsjunioren-dillingen.de\/wordpress\/wp-content\/uploads\/2026\/03\/Reitzner.jpeg\",\"contentUrl\":\"https:\/\/www.wirtschaftsjunioren-dillingen.de\/wordpress\/wp-content\/uploads\/2026\/03\/Reitzner.jpeg\",\"width\":1600,\"height\":1200},{\"@type\":\"BreadcrumbList\",\"@id\":\"https:\/\/www.wirtschaftsjunioren-dillingen.de\/wordpress\/index.php\/2025\/11\/24\/betriebsbesichtigung-fa-reitzner\/#breadcrumb\",\"itemListElement\":[{\"@type\":\"ListItem\",\"position\":1,\"name\":\"Home\",\"item\":\"https:\/\/www.wirtschaftsjunioren-dillingen.de\/wordpress\/\"},{\"@type\":\"ListItem\",\"position\":2,\"name\":\"Betriebsbesichtigung Fa. Reitzner\"}]},{\"@type\":\"WebSite\",\"@id\":\"https:\/\/www.wirtschaftsjunioren-dillingen.de\/wordpress\/#website\",\"url\":\"https:\/\/www.wirtschaftsjunioren-dillingen.de\/wordpress\/\",\"name\":\"Wirtschaftsjunioren Dillingen\",\"description\":\"Die Seite der WJ Dillingen\",\"publisher\":{\"@id\":\"https:\/\/www.wirtschaftsjunioren-dillingen.de\/wordpress\/#organization\"},\"potentialAction\":[{\"@type\":\"SearchAction\",\"target\":{\"@type\":\"EntryPoint\",\"urlTemplate\":\"https:\/\/www.wirtschaftsjunioren-dillingen.de\/wordpress\/?s={search_term_string}\"},\"query-input\":{\"@type\":\"PropertyValueSpecification\",\"valueRequired\":true,\"valueName\":\"search_term_string\"}}],\"inLanguage\":\"de\"},{\"@type\":\"Organization\",\"@id\":\"https:\/\/www.wirtschaftsjunioren-dillingen.de\/wordpress\/#organization\",\"name\":\"Wirtschaftsjunioren Dillingen\",\"url\":\"https:\/\/www.wirtschaftsjunioren-dillingen.de\/wordpress\/\",\"logo\":{\"@type\":\"ImageObject\",\"inLanguage\":\"de\",\"@id\":\"https:\/\/www.wirtschaftsjunioren-dillingen.de\/wordpress\/#\/schema\/logo\/image\/\",\"url\":\"https:\/\/www.wirtschaftsjunioren-dillingen.de\/wordpress\/wp-content\/uploads\/2023\/07\/Dillingen.svg\",\"contentUrl\":\"https:\/\/www.wirtschaftsjunioren-dillingen.de\/wordpress\/wp-content\/uploads\/2023\/07\/Dillingen.svg\",\"width\":388,\"height\":107,\"caption\":\"Wirtschaftsjunioren Dillingen\"},\"image\":{\"@id\":\"https:\/\/www.wirtschaftsjunioren-dillingen.de\/wordpress\/#\/schema\/logo\/image\/\"},\"sameAs\":[\"https:\/\/www.facebook.com\/wj.dlg\/\"]},{\"@type\":\"Person\",\"@id\":\"https:\/\/www.wirtschaftsjunioren-dillingen.de\/wordpress\/#\/schema\/person\/bcd582302e5ea6af6e76fa7de8977231\",\"name\":\"admin\",\"image\":{\"@type\":\"ImageObject\",\"inLanguage\":\"de\",\"@id\":\"https:\/\/www.wirtschaftsjunioren-dillingen.de\/wordpress\/#\/schema\/person\/image\/\",\"url\":\"https:\/\/secure.gravatar.com\/avatar\/6631866f8425204e61357c3a79746c80928c38803b8589e278a5263b8deb77d3?s=96&d=mm&r=g\",\"contentUrl\":\"https:\/\/secure.gravatar.com\/avatar\/6631866f8425204e61357c3a79746c80928c38803b8589e278a5263b8deb77d3?s=96&d=mm&r=g\",\"caption\":\"admin\"},\"sameAs\":[\"https:\/\/www.wirtschaftsjunioren-dillingen.de\/wordpress\"],\"url\":\"https:\/\/www.wirtschaftsjunioren-dillingen.de\/wordpress\/index.php\/author\/michaelritter\/\"}]}<\/script>\n<!-- \/ Yoast SEO plugin. -->","yoast_head_json":{"title":"Betriebsbesichtigung Fa. Reitzner - Wirtschaftsjunioren Dillingen","robots":{"index":"index","follow":"follow","max-snippet":"max-snippet:-1","max-image-preview":"max-image-preview:large","max-video-preview":"max-video-preview:-1"},"canonical":"https:\/\/www.wirtschaftsjunioren-dillingen.de\/wordpress\/index.php\/2025\/11\/24\/betriebsbesichtigung-fa-reitzner\/","og_locale":"de_DE","og_type":"article","og_title":"Betriebsbesichtigung Fa. Reitzner - Wirtschaftsjunioren Dillingen","og_description":"Die Gesch\u00e4ftsf\u00fchrer gaben einen Einblick in das f\u00fchrende IT-Service Haus in der Region.","og_url":"https:\/\/www.wirtschaftsjunioren-dillingen.de\/wordpress\/index.php\/2025\/11\/24\/betriebsbesichtigung-fa-reitzner\/","og_site_name":"Wirtschaftsjunioren Dillingen","article_publisher":"https:\/\/www.facebook.com\/wj.dlg\/","article_published_time":"2025-11-24T09:52:00+00:00","article_modified_time":"2026-03-30T17:08:32+00:00","og_image":[{"width":1600,"height":1200,"url":"https:\/\/www.wirtschaftsjunioren-dillingen.de\/wordpress\/wp-content\/uploads\/2026\/03\/Reitzner.jpeg","type":"image\/jpeg"}],"author":"admin","twitter_card":"summary_large_image","twitter_misc":{"Verfasst von":"admin","Gesch\u00e4tzte Lesezeit":"1\u00a0Minute"},"schema":{"@context":"https:\/\/schema.org","@graph":[{"@type":"Article","@id":"https:\/\/www.wirtschaftsjunioren-dillingen.de\/wordpress\/index.php\/2025\/11\/24\/betriebsbesichtigung-fa-reitzner\/#article","isPartOf":{"@id":"https:\/\/www.wirtschaftsjunioren-dillingen.de\/wordpress\/index.php\/2025\/11\/24\/betriebsbesichtigung-fa-reitzner\/"},"author":{"name":"admin","@id":"https:\/\/www.wirtschaftsjunioren-dillingen.de\/wordpress\/#\/schema\/person\/bcd582302e5ea6af6e76fa7de8977231"},"headline":"Betriebsbesichtigung Fa. Reitzner","datePublished":"2025-11-24T09:52:00+00:00","dateModified":"2026-03-30T17:08:32+00:00","mainEntityOfPage":{"@id":"https:\/\/www.wirtschaftsjunioren-dillingen.de\/wordpress\/index.php\/2025\/11\/24\/betriebsbesichtigung-fa-reitzner\/"},"wordCount":19,"commentCount":0,"publisher":{"@id":"https:\/\/www.wirtschaftsjunioren-dillingen.de\/wordpress\/#organization"},"image":{"@id":"https:\/\/www.wirtschaftsjunioren-dillingen.de\/wordpress\/index.php\/2025\/11\/24\/betriebsbesichtigung-fa-reitzner\/#primaryimage"},"thumbnailUrl":"https:\/\/www.wirtschaftsjunioren-dillingen.de\/wordpress\/wp-content\/uploads\/2026\/03\/Reitzner.jpeg","articleSection":["Vorstand 2025"],"inLanguage":"de","potentialAction":[{"@type":"CommentAction","name":"Comment","target":["https:\/\/www.wirtschaftsjunioren-dillingen.de\/wordpress\/index.php\/2025\/11\/24\/betriebsbesichtigung-fa-reitzner\/#respond"]}]},{"@type":"WebPage","@id":"https:\/\/www.wirtschaftsjunioren-dillingen.de\/wordpress\/index.php\/2025\/11\/24\/betriebsbesichtigung-fa-reitzner\/","url":"https:\/\/www.wirtschaftsjunioren-dillingen.de\/wordpress\/index.php\/2025\/11\/24\/betriebsbesichtigung-fa-reitzner\/","name":"Betriebsbesichtigung Fa. Reitzner - Wirtschaftsjunioren Dillingen","isPartOf":{"@id":"https:\/\/www.wirtschaftsjunioren-dillingen.de\/wordpress\/#website"},"primaryImageOfPage":{"@id":"https:\/\/www.wirtschaftsjunioren-dillingen.de\/wordpress\/index.php\/2025\/11\/24\/betriebsbesichtigung-fa-reitzner\/#primaryimage"},"image":{"@id":"https:\/\/www.wirtschaftsjunioren-dillingen.de\/wordpress\/index.php\/2025\/11\/24\/betriebsbesichtigung-fa-reitzner\/#primaryimage"},"thumbnailUrl":"https:\/\/www.wirtschaftsjunioren-dillingen.de\/wordpress\/wp-content\/uploads\/2026\/03\/Reitzner.jpeg","datePublished":"2025-11-24T09:52:00+00:00","dateModified":"2026-03-30T17:08:32+00:00","breadcrumb":{"@id":"https:\/\/www.wirtschaftsjunioren-dillingen.de\/wordpress\/index.php\/2025\/11\/24\/betriebsbesichtigung-fa-reitzner\/#breadcrumb"},"inLanguage":"de","potentialAction":[{"@type":"ReadAction","target":["https:\/\/www.wirtschaftsjunioren-dillingen.de\/wordpress\/index.php\/2025\/11\/24\/betriebsbesichtigung-fa-reitzner\/"]}]},{"@type":"ImageObject","inLanguage":"de","@id":"https:\/\/www.wirtschaftsjunioren-dillingen.de\/wordpress\/index.php\/2025\/11\/24\/betriebsbesichtigung-fa-reitzner\/#primaryimage","url":"https:\/\/www.wirtschaftsjunioren-dillingen.de\/wordpress\/wp-content\/uploads\/2026\/03\/Reitzner.jpeg","contentUrl":"https:\/\/www.wirtschaftsjunioren-dillingen.de\/wordpress\/wp-content\/uploads\/2026\/03\/Reitzner.jpeg","width":1600,"height":1200},{"@type":"BreadcrumbList","@id":"https:\/\/www.wirtschaftsjunioren-dillingen.de\/wordpress\/index.php\/2025\/11\/24\/betriebsbesichtigung-fa-reitzner\/#breadcrumb","itemListElement":[{"@type":"ListItem","position":1,"name":"Home","item":"https:\/\/www.wirtschaftsjunioren-dillingen.de\/wordpress\/"},{"@type":"ListItem","position":2,"name":"Betriebsbesichtigung Fa. Reitzner"}]},{"@type":"WebSite","@id":"https:\/\/www.wirtschaftsjunioren-dillingen.de\/wordpress\/#website","url":"https:\/\/www.wirtschaftsjunioren-dillingen.de\/wordpress\/","name":"Wirtschaftsjunioren Dillingen","description":"Die Seite der WJ Dillingen","publisher":{"@id":"https:\/\/www.wirtschaftsjunioren-dillingen.de\/wordpress\/#organization"},"potentialAction":[{"@type":"SearchAction","target":{"@type":"EntryPoint","urlTemplate":"https:\/\/www.wirtschaftsjunioren-dillingen.de\/wordpress\/?s={search_term_string}"},"query-input":{"@type":"PropertyValueSpecification","valueRequired":true,"valueName":"search_term_string"}}],"inLanguage":"de"},{"@type":"Organization","@id":"https:\/\/www.wirtschaftsjunioren-dillingen.de\/wordpress\/#organization","name":"Wirtschaftsjunioren Dillingen","url":"https:\/\/www.wirtschaftsjunioren-dillingen.de\/wordpress\/","logo":{"@type":"ImageObject","inLanguage":"de","@id":"https:\/\/www.wirtschaftsjunioren-dillingen.de\/wordpress\/#\/schema\/logo\/image\/","url":"https:\/\/www.wirtschaftsjunioren-dillingen.de\/wordpress\/wp-content\/uploads\/2023\/07\/Dillingen.svg","contentUrl":"https:\/\/www.wirtschaftsjunioren-dillingen.de\/wordpress\/wp-content\/uploads\/2023\/07\/Dillingen.svg","width":388,"height":107,"caption":"Wirtschaftsjunioren Dillingen"},"image":{"@id":"https:\/\/www.wirtschaftsjunioren-dillingen.de\/wordpress\/#\/schema\/logo\/image\/"},"sameAs":["https:\/\/www.facebook.com\/wj.dlg\/"]},{"@type":"Person","@id":"https:\/\/www.wirtschaftsjunioren-dillingen.de\/wordpress\/#\/schema\/person\/bcd582302e5ea6af6e76fa7de8977231","name":"admin","image":{"@type":"ImageObject","inLanguage":"de","@id":"https:\/\/www.wirtschaftsjunioren-dillingen.de\/wordpress\/#\/schema\/person\/image\/","url":"https:\/\/secure.gravatar.com\/avatar\/6631866f8425204e61357c3a79746c80928c38803b8589e278a5263b8deb77d3?s=96&d=mm&r=g","contentUrl":"https:\/\/secure.gravatar.com\/avatar\/6631866f8425204e61357c3a79746c80928c38803b8589e278a5263b8deb77d3?s=96&d=mm&r=g","caption":"admin"},"sameAs":["https:\/\/www.wirtschaftsjunioren-dillingen.de\/wordpress"],"url":"https:\/\/www.wirtschaftsjunioren-dillingen.de\/wordpress\/index.php\/author\/michaelritter\/"}]}},"_links":{"self":[{"href":"https:\/\/www.wirtschaftsjunioren-dillingen.de\/wordpress\/index.php\/wp-json\/wp\/v2\/posts\/137803","targetHints":{"allow":["GET"]}}],"collection":[{"href":"https:\/\/www.wirtschaftsjunioren-dillingen.de\/wordpress\/index.php\/wp-json\/wp\/v2\/posts"}],"about":[{"href":"https:\/\/www.wirtschaftsjunioren-dillingen.de\/wordpress\/index.php\/wp-json\/wp\/v2\/types\/post"}],"author":[{"embeddable":true,"href":"https:\/\/www.wirtschaftsjunioren-dillingen.de\/wordpress\/index.php\/wp-json\/wp\/v2\/users\/1"}],"replies":[{"embeddable":true,"href":"https:\/\/www.wirtschaftsjunioren-dillingen.de\/wordpress\/index.php\/wp-json\/wp\/v2\/comments?post=137803"}],"version-history":[{"count":1,"href":"https:\/\/www.wirtschaftsjunioren-dillingen.de\/wordpress\/index.php\/wp-json\/wp\/v2\/posts\/137803\/revisions"}],"predecessor-version":[{"id":137805,"href":"https:\/\/www.wirtschaftsjunioren-dillingen.de\/wordpress\/index.php\/wp-json\/wp\/v2\/posts\/137803\/revisions\/137805"}],"wp:featuredmedia":[{"embeddable":true,"href":"https:\/\/www.wirtschaftsjunioren-dillingen.de\/wordpress\/index.php\/wp-json\/wp\/v2\/media\/137804"}],"wp:attachment":[{"href":"https:\/\/www.wirtschaftsjunioren-dillingen.de\/wordpress\/index.php\/wp-json\/wp\/v2\/media?parent=137803"}],"wp:term":[{"taxonomy":"category","embeddable":true,"href":"https:\/\/www.wirtschaftsjunioren-dillingen.de\/wordpress\/index.php\/wp-json\/wp\/v2\/categories?post=137803"},{"taxonomy":"post_tag","embeddable":true,"href":"https:\/\/www.wirtschaftsjunioren-dillingen.de\/wordpress\/index.php\/wp-json\/wp\/v2\/tags?post=137803"}],"curies":[{"name":"wp","href":"https:\/\/api.w.org\/{rel}","templated":true}]}}